{"id":3745,"date":"2026-03-12T08:30:00","date_gmt":"2026-03-12T08:30:00","guid":{"rendered":"https:\/\/www.novatice.com\/?p=3745"},"modified":"2026-03-09T13:50:46","modified_gmt":"2026-03-09T13:50:46","slug":"cybersecurite-et-postes-publics-pourquoi-la-prevention-doit-devenir-prioritaire-dans-les-collectivites","status":"publish","type":"post","link":"https:\/\/www.novatice.com\/index.php\/2026\/03\/12\/cybersecurite-et-postes-publics-pourquoi-la-prevention-doit-devenir-prioritaire-dans-les-collectivites\/","title":{"rendered":"Cybers\u00e9curit\u00e9 et postes publics : pourquoi la pr\u00e9vention doit devenir prioritaire dans les collectivit\u00e9s ?"},"content":{"rendered":"\n<div class=\"wp-block-uagb-image uagb-block-bcb8399b wp-block-uagb-image--layout-default wp-block-uagb-image--effect-static wp-block-uagb-image--align-none\"><figure class=\"wp-block-uagb-image__figure\"><img loading=\"lazy\" decoding=\"async\" srcset=\"https:\/\/www.novatice.com\/wp-content\/uploads\/2026\/02\/Smart-Slider-Novatice-10-1024x616.webp ,https:\/\/www.novatice.com\/wp-content\/uploads\/2026\/02\/Smart-Slider-Novatice-10.webp 780w, https:\/\/www.novatice.com\/wp-content\/uploads\/2026\/02\/Smart-Slider-Novatice-10.webp 360w\" sizes=\"auto, (max-width: 480px) 150px\" src=\"https:\/\/www.novatice.com\/wp-content\/uploads\/2026\/02\/Smart-Slider-Novatice-10-1024x616.webp\" alt=\"Cybers\u00e9curit\u00e9 et postes publics : pourquoi la pr\u00e9vention doit devenir prioritaire dans les collectivit\u00e9s ?\" class=\"uag-image-3747\" width=\"800\" height=\"481\" title=\"Cybers\u00e9curit\u00e9 et postes publics : pourquoi la pr\u00e9vention doit devenir prioritaire dans les collectivit\u00e9s ?\" loading=\"lazy\" role=\"img\"\/><\/figure><\/div>\n\n\n\n<div style=\"height:18px\" aria-hidden=\"true\" class=\"wp-block-spacer\"><\/div>\n\n\n\n<p>Les <strong>collectivit\u00e9s territoriales<\/strong> font face \u00e0 une mont\u00e9e constante des cybermenaces. Les attaques ciblent d\u00e9sormais non seulement les grandes administrations, mais aussi les mairies, les d\u00e9partements, les m\u00e9diath\u00e8ques et les \u00e9tablissements scolaires.<\/p>\n\n\n\n<p>Dans ce contexte, les <strong>postes publics en acc\u00e8s libre<\/strong> repr\u00e9sentent un point d\u2019exposition particulier. Ils accueillent des utilisateurs vari\u00e9s, fonctionnent en rotation continue et manipulent parfois des donn\u00e9es sensibles.<\/p>\n\n\n\n<p>Par cons\u00e9quent, la question centrale devient : comment renforcer durablement la <strong>cybers\u00e9curit\u00e9 des collectivit\u00e9s<\/strong> sans alourdir le quotidien des \u00e9quipes IT\u202f? La r\u00e9ponse repose sur une approche structurelle du poste de travail, et non uniquement sur des outils additionnels comme antivirus ou pare-feu.<\/p>\n\n\n\n<h2 class=\"wp-block-heading\">Les postes publics : un maillon sensible souvent sous-estim\u00e9<\/h2>\n\n\n\n<h2 class=\"wp-block-heading\">Une surface d\u2019attaque \u00e9largie<\/h2>\n\n\n\n<p>Un <strong>poste informatique en m\u00e9diath\u00e8que<\/strong> ou dans un espace public num\u00e9rique n\u2019est pas un poste administratif classique. Il change d\u2019utilisateur plusieurs fois par jour, ce qui introduit un nouveau niveau de risque \u00e0 chaque session.<\/p>\n\n\n\n<p>Un t\u00e9l\u00e9chargement malveillant, une cl\u00e9 USB infect\u00e9e ou une configuration contourn\u00e9e peuvent fragiliser l\u2019ensemble du r\u00e9seau. Cependant, ces incidents restent difficiles \u00e0 anticiper lorsque les environnements ne sont pas strictement contr\u00f4l\u00e9s. Ainsi, le poste public devient un point d\u2019entr\u00e9e potentiel vers l\u2019infrastructure globale.<\/p>\n\n\n\n<h3 class=\"wp-block-heading\">Des usages impr\u00e9visibles<\/h3>\n\n\n\n<p>Les utilisateurs adoptent des comportements tr\u00e8s diff\u00e9rents. Certains consultent simplement Internet, tandis que d\u2019autres installent des extensions ou modifient les param\u00e8tres. Par cons\u00e9quent, la gestion devient complexe. Les \u00e9quipes IT doivent garantir la libert\u00e9 d\u2019usage tout en maintenant un haut niveau de <strong>s\u00e9curit\u00e9 informatique en collectivit\u00e9<\/strong>.<\/p>\n\n\n\n<p>Sans m\u00e9canisme d\u2019automatisation, la surveillance remplace la pr\u00e9vention et alourdit consid\u00e9rablement le travail quotidien.<\/p>\n\n\n\n<h4 class=\"wp-block-heading\">Une pression croissante sur les \u00e9quipes IT<\/h4>\n\n\n\n<p>Les services informatiques des collectivit\u00e9s disposent souvent de ressources limit\u00e9es. Ils g\u00e8rent un parc \u00e9tendu, r\u00e9parti sur plusieurs sites. Chaque incident mobilise du temps et de l\u2019\u00e9nergie.<\/p>\n\n\n\n<p>De plus, la multiplication des alertes de s\u00e9curit\u00e9 g\u00e9n\u00e8re une fatigue op\u00e9rationnelle. Progressivement, la capacit\u00e9 d\u2019anticipation diminue. Ce cercle vicieux fragilise l\u2019ensemble de la strat\u00e9gie num\u00e9rique.<\/p>\n\n\n\n<h2 class=\"wp-block-heading\">Passer d\u2019une logique corrective \u00e0 une logique pr\u00e9ventive<\/h2>\n\n\n\n<h2 class=\"wp-block-heading\">Automatiser la s\u00e9curisation des sessions<\/h2>\n\n\n\n<p>Pour renforcer durablement la <strong>protection des postes publics<\/strong>, la collectivit\u00e9 doit int\u00e9grer la s\u00e9curit\u00e9 au c\u0153ur du fonctionnement quotidien. Il ne suffit plus d\u2019ajouter des outils\u202f: il faut repenser l\u2019architecture.<\/p>\n\n\n\n<p>Une solution comme <strong>Novatice NEOS<\/strong> permet de r\u00e9initialiser automatiquement chaque session. \u00c0 la fin de l\u2019utilisation, le syst\u00e8me efface les donn\u00e9es temporaires et restaure les param\u00e8tres d\u2019origine.<\/p>\n\n\n\n<p>Ainsi, chaque poste reste propre et s\u00e9curis\u00e9. Le risque de persistance d\u2019un \u00e9l\u00e9ment malveillant diminue fortement.<\/p>\n\n\n\n<h3 class=\"wp-block-heading\">Appliquer des r\u00e8gles adapt\u00e9es aux profils<\/h3>\n\n\n\n<p>Tous les utilisateurs ne pr\u00e9sentent pas les m\u00eames besoins. Un enfant n\u2019acc\u00e8de pas aux m\u00eames ressources qu\u2019un adulte, et un \u00e9tudiant ne requiert pas les m\u00eames droits qu\u2019un usager occasionnel.<\/p>\n\n\n\n<p>En d\u00e9finissant des profils distincts, la collectivit\u00e9 renforce la <strong>s\u00e9curisation des acc\u00e8s num\u00e9riques<\/strong>. Les restrictions deviennent coh\u00e9rentes, et les marges de contournement se r\u00e9duisent. Ce contr\u00f4le cibl\u00e9 am\u00e9liore la s\u00e9curit\u00e9 sans d\u00e9grader l\u2019exp\u00e9rience utilisateur.<\/p>\n\n\n\n<h4 class=\"wp-block-heading\">Centraliser pour mieux piloter<\/h4>\n\n\n\n<p>La multiplication des sites complique la gestion manuelle. Une <strong>administration centralis\u00e9e du parc informatique<\/strong> devient indispensable.<\/p>\n\n\n\n<p>Depuis une interface unique, les \u00e9quipes appliquent des r\u00e8gles homog\u00e8nes, visualisent l\u2019\u00e9tat des postes et ajustent les param\u00e8tres en temps r\u00e9el. Par cons\u00e9quent, la centralisation r\u00e9duit les erreurs humaines et renforce la r\u00e9activit\u00e9 en cas d\u2019incident. Cybers\u00e9curit\u00e9 et souverainet\u00e9 : un m\u00eame combat. <\/p>\n\n\n\n<h2 class=\"wp-block-heading\">Prot\u00e9ger les donn\u00e9es publiques<\/h2>\n\n\n\n<p>La <strong>cybers\u00e9curit\u00e9 des collectivit\u00e9s<\/strong> ne concerne pas uniquement les infrastructures techniques. Elle engage \u00e9galement la protection des <strong>donn\u00e9es des citoyens<\/strong>.<\/p>\n\n\n\n<p>Une faille sur un poste public peut compromettre des informations sensibles et alt\u00e9rer la confiance des usagers. Or, cette confiance constitue un pilier du <strong>service public num\u00e9rique<\/strong>.<\/p>\n\n\n\n<p>En s\u00e9curisant les postes d\u00e8s leur conception, la collectivit\u00e9 agit en amont et limite les risques au lieu de r\u00e9parer les cons\u00e9quences.<\/p>\n\n\n\n<h3 class=\"wp-block-heading\">Inscrire la s\u00e9curit\u00e9 dans une strat\u00e9gie durable<\/h3>\n\n\n\n<p>Adopter une solution souveraine comme <strong>Novatice NEOS<\/strong> aligne la s\u00e9curit\u00e9 sur une vision strat\u00e9gique. Les donn\u00e9es restent dans un cadre conforme aux <strong>normes europ\u00e9ennes<\/strong>, et les r\u00e8gles s\u2019appliquent localement.<\/p>\n\n\n\n<p>Ainsi, la solution renforce la <strong>souverainet\u00e9 num\u00e9rique des collectivit\u00e9s<\/strong> et garantit que la ma\u00eetrise technique accompagne la responsabilit\u00e9 politique. La pr\u00e9vention devient alors un choix structurant plut\u00f4t qu\u2019une r\u00e9ponse ponctuelle.<\/p>\n\n\n\n<h2 class=\"wp-block-heading\">Ce qu&rsquo;il faut retenir<\/h2>\n\n\n\n<p>Les cyberattaques ne rel\u00e8vent plus de l\u2019exception. Elles font d\u00e9sormais partie du quotidien des organisations publiques. Ignorer la vuln\u00e9rabilit\u00e9 des <strong>postes publics en collectivit\u00e9<\/strong> serait une erreur strat\u00e9gique majeure.<\/p>\n\n\n\n<p>Renforcer la cybers\u00e9curit\u00e9 ne signifie pas multiplier les outils complexes. Il s\u2019agit d\u2019int\u00e9grer la pr\u00e9vention au c\u0153ur du fonctionnement informatique.<\/p>\n\n\n\n<p>En automatisant la s\u00e9curisation des sessions, en centralisant la gestion et en prot\u00e9geant les donn\u00e9es dans un cadre souverain, <strong>Novatice NEOS et l&rsquo;expertise de Novatice sur plus de 20 ans<\/strong>,  transforme la posture d\u00e9fensive des collectivit\u00e9s.<\/p>\n\n\n\n<p>La question n\u2019est donc plus de savoir si la pr\u00e9vention est n\u00e9cessaire. Elle consiste \u00e0 d\u00e9terminer quand les collectivit\u00e9s d\u00e9cideront d\u2019en faire une priorit\u00e9 structurante de leur <strong>num\u00e9rique public.<\/strong> <\/p>\n\n\n\n<div class=\"wp-block-uagb-buttons uagb-buttons__outer-wrap uagb-btn__default-btn uagb-btn-tablet__default-btn uagb-btn-mobile__default-btn uagb-block-f98cfea7\"><div class=\"uagb-buttons__wrap uagb-buttons-layout-wrap \">\n<div class=\"wp-block-uagb-buttons-child uagb-buttons__outer-wrap uagb-block-ddb14f81 wp-block-button\"><div class=\"uagb-button__wrapper\"><a class=\"uagb-buttons-repeater wp-block-button__link\" aria-label=\"\" href=\"https:\/\/www.novatice.com\/index.php\/contact-demo-novatice-neos\/\" rel=\"follow noopener\" target=\"_self\" role=\"button\"><div class=\"uagb-button__link\">Je souhaite une d\u00e9mo personnalis\u00e9e de Novatice NEOS<\/div><\/a><\/div><\/div>\n<\/div><\/div>\n","protected":false},"excerpt":{"rendered":"<p>Les collectivit\u00e9s territoriales font face \u00e0 une mont\u00e9e constante des cybermenaces. Les attaques ciblent d\u00e9sormais non seulement les grandes administrations, [&hellip;]<\/p>\n","protected":false},"author":1,"featured_media":3747,"comment_status":"closed","ping_status":"closed","sticky":false,"template":"","format":"standard","meta":{"_uag_custom_page_level_css":"","site-sidebar-layout":"default","site-content-layout":"","ast-site-content-layout":"default","site-content-style":"default","site-sidebar-style":"default","ast-global-header-display":"","ast-banner-title-visibility":"","ast-main-header-display":"","ast-hfb-above-header-display":"","ast-hfb-below-header-display":"","ast-hfb-mobile-header-display":"","site-post-title":"","ast-breadcrumbs-content":"","ast-featured-img":"","footer-sml-layout":"","theme-transparent-header-meta":"","adv-header-id-meta":"","stick-header-meta":"","header-above-stick-meta":"","header-main-stick-meta":"","header-below-stick-meta":"","astra-migrate-meta-layouts":"default","ast-page-background-enabled":"default","ast-page-background-meta":{"desktop":{"background-color":"var(--ast-global-color-5)","background-image":"","background-repeat":"repeat","background-position":"center center","background-size":"auto","background-attachment":"scroll","background-type":"","background-media":"","overlay-type":"","overlay-color":"","overlay-opacity":"","overlay-gradient":""},"tablet":{"background-color":"","background-image":"","background-repeat":"repeat","background-position":"center center","background-size":"auto","background-attachment":"scroll","background-type":"","background-media":"","overlay-type":"","overlay-color":"","overlay-opacity":"","overlay-gradient":""},"mobile":{"background-color":"","background-image":"","background-repeat":"repeat","background-position":"center center","background-size":"auto","background-attachment":"scroll","background-type":"","background-media":"","overlay-type":"","overlay-color":"","overlay-opacity":"","overlay-gradient":""}},"ast-content-background-meta":{"desktop":{"background-color":"var(--ast-global-color-4)","background-image":"","background-repeat":"repeat","background-position":"center center","background-size":"auto","background-attachment":"scroll","background-type":"","background-media":"","overlay-type":"","overlay-color":"","overlay-opacity":"","overlay-gradient":""},"tablet":{"background-color":"var(--ast-global-color-4)","background-image":"","background-repeat":"repeat","background-position":"center center","background-size":"auto","background-attachment":"scroll","background-type":"","background-media":"","overlay-type":"","overlay-color":"","overlay-opacity":"","overlay-gradient":""},"mobile":{"background-color":"var(--ast-global-color-4)","background-image":"","background-repeat":"repeat","background-position":"center center","background-size":"auto","background-attachment":"scroll","background-type":"","background-media":"","overlay-type":"","overlay-color":"","overlay-opacity":"","overlay-gradient":""}},"footnotes":""},"categories":[19,21],"tags":[15,16,70,18],"class_list":["post-3745","post","type-post","status-publish","format-standard","has-post-thumbnail","hentry","category-blog","category-collectivites","tag-collectivites","tag-epn","tag-espaces-publics-numeriques","tag-numerique"],"yoast_head":"<!-- This site is optimized with the Yoast SEO plugin v27.5 - https:\/\/yoast.com\/product\/yoast-seo-wordpress\/ -->\n<title>Cybers\u00e9curit\u00e9 et postes publics : pr\u00e9vention pour les collectivit\u00e9s<\/title>\n<meta name=\"description\" content=\"Novatice NEOS s\u00e9curise les postes publics des collectivit\u00e9s, renforce la cybers\u00e9curit\u00e9 et assure souverainet\u00e9 num\u00e9rique efficace.\" \/>\n<meta name=\"robots\" content=\"index, follow, max-snippet:-1, max-image-preview:large, max-video-preview:-1\" \/>\n<link rel=\"canonical\" href=\"https:\/\/www.novatice.com\/index.php\/2026\/03\/12\/cybersecurite-et-postes-publics-pourquoi-la-prevention-doit-devenir-prioritaire-dans-les-collectivites\/\" \/>\n<meta property=\"og:locale\" content=\"fr_FR\" \/>\n<meta property=\"og:type\" content=\"article\" \/>\n<meta property=\"og:title\" content=\"Cybers\u00e9curit\u00e9 et postes publics : pr\u00e9vention pour les collectivit\u00e9s\" \/>\n<meta property=\"og:description\" content=\"Novatice NEOS s\u00e9curise les postes publics des collectivit\u00e9s, renforce la cybers\u00e9curit\u00e9 et assure souverainet\u00e9 num\u00e9rique efficace.\" \/>\n<meta property=\"og:url\" content=\"https:\/\/www.novatice.com\/index.php\/2026\/03\/12\/cybersecurite-et-postes-publics-pourquoi-la-prevention-doit-devenir-prioritaire-dans-les-collectivites\/\" \/>\n<meta property=\"article:publisher\" content=\"https:\/\/www.facebook.com\/p\/Novatice-Technologies-61576737892959\/\" \/>\n<meta property=\"article:published_time\" content=\"2026-03-12T08:30:00+00:00\" \/>\n<meta property=\"og:image\" content=\"https:\/\/www.novatice.com\/wp-content\/uploads\/2026\/02\/Smart-Slider-Novatice-10.webp\" \/>\n\t<meta property=\"og:image:width\" content=\"2250\" \/>\n\t<meta property=\"og:image:height\" content=\"1354\" \/>\n\t<meta property=\"og:image:type\" content=\"image\/webp\" \/>\n<meta name=\"author\" content=\"admin2008\" \/>\n<meta name=\"twitter:card\" content=\"summary_large_image\" \/>\n<meta name=\"twitter:label1\" content=\"\u00c9crit par\" \/>\n\t<meta name=\"twitter:data1\" content=\"admin2008\" \/>\n\t<meta name=\"twitter:label2\" content=\"Dur\u00e9e de lecture estim\u00e9e\" \/>\n\t<meta name=\"twitter:data2\" content=\"5 minutes\" \/>\n<script type=\"application\/ld+json\" class=\"yoast-schema-graph\">{\"@context\":\"https:\\\/\\\/schema.org\",\"@graph\":[{\"@type\":\"Article\",\"@id\":\"https:\\\/\\\/www.novatice.com\\\/index.php\\\/2026\\\/03\\\/12\\\/cybersecurite-et-postes-publics-pourquoi-la-prevention-doit-devenir-prioritaire-dans-les-collectivites\\\/#article\",\"isPartOf\":{\"@id\":\"https:\\\/\\\/www.novatice.com\\\/index.php\\\/2026\\\/03\\\/12\\\/cybersecurite-et-postes-publics-pourquoi-la-prevention-doit-devenir-prioritaire-dans-les-collectivites\\\/\"},\"author\":{\"name\":\"admin2008\",\"@id\":\"https:\\\/\\\/www.novatice.com\\\/#\\\/schema\\\/person\\\/9ccc0cd3f16cba42dac6d88771daf473\"},\"headline\":\"Cybers\u00e9curit\u00e9 et postes publics : pourquoi la pr\u00e9vention doit devenir prioritaire dans les collectivit\u00e9s ?\",\"datePublished\":\"2026-03-12T08:30:00+00:00\",\"mainEntityOfPage\":{\"@id\":\"https:\\\/\\\/www.novatice.com\\\/index.php\\\/2026\\\/03\\\/12\\\/cybersecurite-et-postes-publics-pourquoi-la-prevention-doit-devenir-prioritaire-dans-les-collectivites\\\/\"},\"wordCount\":968,\"publisher\":{\"@id\":\"https:\\\/\\\/www.novatice.com\\\/#organization\"},\"image\":{\"@id\":\"https:\\\/\\\/www.novatice.com\\\/index.php\\\/2026\\\/03\\\/12\\\/cybersecurite-et-postes-publics-pourquoi-la-prevention-doit-devenir-prioritaire-dans-les-collectivites\\\/#primaryimage\"},\"thumbnailUrl\":\"https:\\\/\\\/www.novatice.com\\\/wp-content\\\/uploads\\\/2026\\\/02\\\/Smart-Slider-Novatice-10.webp\",\"keywords\":[\"collectivit\u00e9s\",\"EPN\",\"espaces publics num\u00e9riques\",\"num\u00e9rique\"],\"articleSection\":[\"Blog\",\"Collectivit\u00e9s\"],\"inLanguage\":\"fr-FR\"},{\"@type\":\"WebPage\",\"@id\":\"https:\\\/\\\/www.novatice.com\\\/index.php\\\/2026\\\/03\\\/12\\\/cybersecurite-et-postes-publics-pourquoi-la-prevention-doit-devenir-prioritaire-dans-les-collectivites\\\/\",\"url\":\"https:\\\/\\\/www.novatice.com\\\/index.php\\\/2026\\\/03\\\/12\\\/cybersecurite-et-postes-publics-pourquoi-la-prevention-doit-devenir-prioritaire-dans-les-collectivites\\\/\",\"name\":\"Cybers\u00e9curit\u00e9 et postes publics : pr\u00e9vention pour les collectivit\u00e9s\",\"isPartOf\":{\"@id\":\"https:\\\/\\\/www.novatice.com\\\/#website\"},\"primaryImageOfPage\":{\"@id\":\"https:\\\/\\\/www.novatice.com\\\/index.php\\\/2026\\\/03\\\/12\\\/cybersecurite-et-postes-publics-pourquoi-la-prevention-doit-devenir-prioritaire-dans-les-collectivites\\\/#primaryimage\"},\"image\":{\"@id\":\"https:\\\/\\\/www.novatice.com\\\/index.php\\\/2026\\\/03\\\/12\\\/cybersecurite-et-postes-publics-pourquoi-la-prevention-doit-devenir-prioritaire-dans-les-collectivites\\\/#primaryimage\"},\"thumbnailUrl\":\"https:\\\/\\\/www.novatice.com\\\/wp-content\\\/uploads\\\/2026\\\/02\\\/Smart-Slider-Novatice-10.webp\",\"datePublished\":\"2026-03-12T08:30:00+00:00\",\"description\":\"Novatice NEOS s\u00e9curise les postes publics des collectivit\u00e9s, renforce la cybers\u00e9curit\u00e9 et assure souverainet\u00e9 num\u00e9rique efficace.\",\"breadcrumb\":{\"@id\":\"https:\\\/\\\/www.novatice.com\\\/index.php\\\/2026\\\/03\\\/12\\\/cybersecurite-et-postes-publics-pourquoi-la-prevention-doit-devenir-prioritaire-dans-les-collectivites\\\/#breadcrumb\"},\"inLanguage\":\"fr-FR\",\"potentialAction\":[{\"@type\":\"ReadAction\",\"target\":[\"https:\\\/\\\/www.novatice.com\\\/index.php\\\/2026\\\/03\\\/12\\\/cybersecurite-et-postes-publics-pourquoi-la-prevention-doit-devenir-prioritaire-dans-les-collectivites\\\/\"]}]},{\"@type\":\"ImageObject\",\"inLanguage\":\"fr-FR\",\"@id\":\"https:\\\/\\\/www.novatice.com\\\/index.php\\\/2026\\\/03\\\/12\\\/cybersecurite-et-postes-publics-pourquoi-la-prevention-doit-devenir-prioritaire-dans-les-collectivites\\\/#primaryimage\",\"url\":\"https:\\\/\\\/www.novatice.com\\\/wp-content\\\/uploads\\\/2026\\\/02\\\/Smart-Slider-Novatice-10.webp\",\"contentUrl\":\"https:\\\/\\\/www.novatice.com\\\/wp-content\\\/uploads\\\/2026\\\/02\\\/Smart-Slider-Novatice-10.webp\",\"width\":2250,\"height\":1354,\"caption\":\"Cybers\u00e9curit\u00e9 et postes publics : pourquoi la pr\u00e9vention doit devenir prioritaire dans les collectivit\u00e9s ?\"},{\"@type\":\"BreadcrumbList\",\"@id\":\"https:\\\/\\\/www.novatice.com\\\/index.php\\\/2026\\\/03\\\/12\\\/cybersecurite-et-postes-publics-pourquoi-la-prevention-doit-devenir-prioritaire-dans-les-collectivites\\\/#breadcrumb\",\"itemListElement\":[{\"@type\":\"ListItem\",\"position\":1,\"name\":\"Accueil\",\"item\":\"https:\\\/\\\/www.novatice.com\\\/\"},{\"@type\":\"ListItem\",\"position\":2,\"name\":\"Cybers\u00e9curit\u00e9 et postes publics : pourquoi la pr\u00e9vention doit devenir prioritaire dans les collectivit\u00e9s ?\"}]},{\"@type\":\"WebSite\",\"@id\":\"https:\\\/\\\/www.novatice.com\\\/#website\",\"url\":\"https:\\\/\\\/www.novatice.com\\\/\",\"name\":\"Novatice Technologies\",\"description\":\"\",\"publisher\":{\"@id\":\"https:\\\/\\\/www.novatice.com\\\/#organization\"},\"potentialAction\":[{\"@type\":\"SearchAction\",\"target\":{\"@type\":\"EntryPoint\",\"urlTemplate\":\"https:\\\/\\\/www.novatice.com\\\/?s={search_term_string}\"},\"query-input\":{\"@type\":\"PropertyValueSpecification\",\"valueRequired\":true,\"valueName\":\"search_term_string\"}}],\"inLanguage\":\"fr-FR\"},{\"@type\":\"Organization\",\"@id\":\"https:\\\/\\\/www.novatice.com\\\/#organization\",\"name\":\"Novatice Technologies\",\"url\":\"https:\\\/\\\/www.novatice.com\\\/\",\"logo\":{\"@type\":\"ImageObject\",\"inLanguage\":\"fr-FR\",\"@id\":\"https:\\\/\\\/www.novatice.com\\\/#\\\/schema\\\/logo\\\/image\\\/\",\"url\":\"https:\\\/\\\/www.novatice.com\\\/wp-content\\\/uploads\\\/2025\\\/11\\\/cropped-ql23cg50jsojeppjktvm.webp\",\"contentUrl\":\"https:\\\/\\\/www.novatice.com\\\/wp-content\\\/uploads\\\/2025\\\/11\\\/cropped-ql23cg50jsojeppjktvm.webp\",\"width\":805,\"height\":263,\"caption\":\"Novatice Technologies\"},\"image\":{\"@id\":\"https:\\\/\\\/www.novatice.com\\\/#\\\/schema\\\/logo\\\/image\\\/\"},\"sameAs\":[\"https:\\\/\\\/www.facebook.com\\\/p\\\/Novatice-Technologies-61576737892959\\\/\",\"https:\\\/\\\/www.linkedin.com\\\/authwall?trk=bf&trkInfo=AQGCN4eUDKjo1gAAAZnnhI3Ae7PAPStEyWBTtwu62FgytWDmpUnGa7lctUgjEbpLb4ON8I1NDFKKKUDQ5wih2Hriu4bADVrlCotkGuAwq3Q9_OZq_5Z8g708twdCADH2HOVLAH8=&original_referer&sessionRedirect=httpswww.linkedin.comcompanynovaticeoriginalSubdomainfr\"]},{\"@type\":\"Person\",\"@id\":\"https:\\\/\\\/www.novatice.com\\\/#\\\/schema\\\/person\\\/9ccc0cd3f16cba42dac6d88771daf473\",\"name\":\"admin2008\",\"image\":{\"@type\":\"ImageObject\",\"inLanguage\":\"fr-FR\",\"@id\":\"https:\\\/\\\/secure.gravatar.com\\\/avatar\\\/d5d706e5985c75587530c524426f22b5270b9bf5fb40eea7e704ee6395494c57?s=96&d=mm&r=g\",\"url\":\"https:\\\/\\\/secure.gravatar.com\\\/avatar\\\/d5d706e5985c75587530c524426f22b5270b9bf5fb40eea7e704ee6395494c57?s=96&d=mm&r=g\",\"contentUrl\":\"https:\\\/\\\/secure.gravatar.com\\\/avatar\\\/d5d706e5985c75587530c524426f22b5270b9bf5fb40eea7e704ee6395494c57?s=96&d=mm&r=g\",\"caption\":\"admin2008\"},\"sameAs\":[\"http:\\\/\\\/preprod.novatice.com\"],\"url\":\"https:\\\/\\\/www.novatice.com\\\/index.php\\\/author\\\/admin2008\\\/\"}]}<\/script>\n<!-- \/ Yoast SEO plugin. -->","yoast_head_json":{"title":"Cybers\u00e9curit\u00e9 et postes publics : pr\u00e9vention pour les collectivit\u00e9s","description":"Novatice NEOS s\u00e9curise les postes publics des collectivit\u00e9s, renforce la cybers\u00e9curit\u00e9 et assure souverainet\u00e9 num\u00e9rique efficace.","robots":{"index":"index","follow":"follow","max-snippet":"max-snippet:-1","max-image-preview":"max-image-preview:large","max-video-preview":"max-video-preview:-1"},"canonical":"https:\/\/www.novatice.com\/index.php\/2026\/03\/12\/cybersecurite-et-postes-publics-pourquoi-la-prevention-doit-devenir-prioritaire-dans-les-collectivites\/","og_locale":"fr_FR","og_type":"article","og_title":"Cybers\u00e9curit\u00e9 et postes publics : pr\u00e9vention pour les collectivit\u00e9s","og_description":"Novatice NEOS s\u00e9curise les postes publics des collectivit\u00e9s, renforce la cybers\u00e9curit\u00e9 et assure souverainet\u00e9 num\u00e9rique efficace.","og_url":"https:\/\/www.novatice.com\/index.php\/2026\/03\/12\/cybersecurite-et-postes-publics-pourquoi-la-prevention-doit-devenir-prioritaire-dans-les-collectivites\/","article_publisher":"https:\/\/www.facebook.com\/p\/Novatice-Technologies-61576737892959\/","article_published_time":"2026-03-12T08:30:00+00:00","og_image":[{"width":2250,"height":1354,"url":"https:\/\/www.novatice.com\/wp-content\/uploads\/2026\/02\/Smart-Slider-Novatice-10.webp","type":"image\/webp"}],"author":"admin2008","twitter_card":"summary_large_image","twitter_misc":{"\u00c9crit par":"admin2008","Dur\u00e9e de lecture estim\u00e9e":"5 minutes"},"schema":{"@context":"https:\/\/schema.org","@graph":[{"@type":"Article","@id":"https:\/\/www.novatice.com\/index.php\/2026\/03\/12\/cybersecurite-et-postes-publics-pourquoi-la-prevention-doit-devenir-prioritaire-dans-les-collectivites\/#article","isPartOf":{"@id":"https:\/\/www.novatice.com\/index.php\/2026\/03\/12\/cybersecurite-et-postes-publics-pourquoi-la-prevention-doit-devenir-prioritaire-dans-les-collectivites\/"},"author":{"name":"admin2008","@id":"https:\/\/www.novatice.com\/#\/schema\/person\/9ccc0cd3f16cba42dac6d88771daf473"},"headline":"Cybers\u00e9curit\u00e9 et postes publics : pourquoi la pr\u00e9vention doit devenir prioritaire dans les collectivit\u00e9s ?","datePublished":"2026-03-12T08:30:00+00:00","mainEntityOfPage":{"@id":"https:\/\/www.novatice.com\/index.php\/2026\/03\/12\/cybersecurite-et-postes-publics-pourquoi-la-prevention-doit-devenir-prioritaire-dans-les-collectivites\/"},"wordCount":968,"publisher":{"@id":"https:\/\/www.novatice.com\/#organization"},"image":{"@id":"https:\/\/www.novatice.com\/index.php\/2026\/03\/12\/cybersecurite-et-postes-publics-pourquoi-la-prevention-doit-devenir-prioritaire-dans-les-collectivites\/#primaryimage"},"thumbnailUrl":"https:\/\/www.novatice.com\/wp-content\/uploads\/2026\/02\/Smart-Slider-Novatice-10.webp","keywords":["collectivit\u00e9s","EPN","espaces publics num\u00e9riques","num\u00e9rique"],"articleSection":["Blog","Collectivit\u00e9s"],"inLanguage":"fr-FR"},{"@type":"WebPage","@id":"https:\/\/www.novatice.com\/index.php\/2026\/03\/12\/cybersecurite-et-postes-publics-pourquoi-la-prevention-doit-devenir-prioritaire-dans-les-collectivites\/","url":"https:\/\/www.novatice.com\/index.php\/2026\/03\/12\/cybersecurite-et-postes-publics-pourquoi-la-prevention-doit-devenir-prioritaire-dans-les-collectivites\/","name":"Cybers\u00e9curit\u00e9 et postes publics : pr\u00e9vention pour les collectivit\u00e9s","isPartOf":{"@id":"https:\/\/www.novatice.com\/#website"},"primaryImageOfPage":{"@id":"https:\/\/www.novatice.com\/index.php\/2026\/03\/12\/cybersecurite-et-postes-publics-pourquoi-la-prevention-doit-devenir-prioritaire-dans-les-collectivites\/#primaryimage"},"image":{"@id":"https:\/\/www.novatice.com\/index.php\/2026\/03\/12\/cybersecurite-et-postes-publics-pourquoi-la-prevention-doit-devenir-prioritaire-dans-les-collectivites\/#primaryimage"},"thumbnailUrl":"https:\/\/www.novatice.com\/wp-content\/uploads\/2026\/02\/Smart-Slider-Novatice-10.webp","datePublished":"2026-03-12T08:30:00+00:00","description":"Novatice NEOS s\u00e9curise les postes publics des collectivit\u00e9s, renforce la cybers\u00e9curit\u00e9 et assure souverainet\u00e9 num\u00e9rique efficace.","breadcrumb":{"@id":"https:\/\/www.novatice.com\/index.php\/2026\/03\/12\/cybersecurite-et-postes-publics-pourquoi-la-prevention-doit-devenir-prioritaire-dans-les-collectivites\/#breadcrumb"},"inLanguage":"fr-FR","potentialAction":[{"@type":"ReadAction","target":["https:\/\/www.novatice.com\/index.php\/2026\/03\/12\/cybersecurite-et-postes-publics-pourquoi-la-prevention-doit-devenir-prioritaire-dans-les-collectivites\/"]}]},{"@type":"ImageObject","inLanguage":"fr-FR","@id":"https:\/\/www.novatice.com\/index.php\/2026\/03\/12\/cybersecurite-et-postes-publics-pourquoi-la-prevention-doit-devenir-prioritaire-dans-les-collectivites\/#primaryimage","url":"https:\/\/www.novatice.com\/wp-content\/uploads\/2026\/02\/Smart-Slider-Novatice-10.webp","contentUrl":"https:\/\/www.novatice.com\/wp-content\/uploads\/2026\/02\/Smart-Slider-Novatice-10.webp","width":2250,"height":1354,"caption":"Cybers\u00e9curit\u00e9 et postes publics : pourquoi la pr\u00e9vention doit devenir prioritaire dans les collectivit\u00e9s ?"},{"@type":"BreadcrumbList","@id":"https:\/\/www.novatice.com\/index.php\/2026\/03\/12\/cybersecurite-et-postes-publics-pourquoi-la-prevention-doit-devenir-prioritaire-dans-les-collectivites\/#breadcrumb","itemListElement":[{"@type":"ListItem","position":1,"name":"Accueil","item":"https:\/\/www.novatice.com\/"},{"@type":"ListItem","position":2,"name":"Cybers\u00e9curit\u00e9 et postes publics : pourquoi la pr\u00e9vention doit devenir prioritaire dans les collectivit\u00e9s ?"}]},{"@type":"WebSite","@id":"https:\/\/www.novatice.com\/#website","url":"https:\/\/www.novatice.com\/","name":"Novatice Technologies","description":"","publisher":{"@id":"https:\/\/www.novatice.com\/#organization"},"potentialAction":[{"@type":"SearchAction","target":{"@type":"EntryPoint","urlTemplate":"https:\/\/www.novatice.com\/?s={search_term_string}"},"query-input":{"@type":"PropertyValueSpecification","valueRequired":true,"valueName":"search_term_string"}}],"inLanguage":"fr-FR"},{"@type":"Organization","@id":"https:\/\/www.novatice.com\/#organization","name":"Novatice Technologies","url":"https:\/\/www.novatice.com\/","logo":{"@type":"ImageObject","inLanguage":"fr-FR","@id":"https:\/\/www.novatice.com\/#\/schema\/logo\/image\/","url":"https:\/\/www.novatice.com\/wp-content\/uploads\/2025\/11\/cropped-ql23cg50jsojeppjktvm.webp","contentUrl":"https:\/\/www.novatice.com\/wp-content\/uploads\/2025\/11\/cropped-ql23cg50jsojeppjktvm.webp","width":805,"height":263,"caption":"Novatice Technologies"},"image":{"@id":"https:\/\/www.novatice.com\/#\/schema\/logo\/image\/"},"sameAs":["https:\/\/www.facebook.com\/p\/Novatice-Technologies-61576737892959\/","https:\/\/www.linkedin.com\/authwall?trk=bf&trkInfo=AQGCN4eUDKjo1gAAAZnnhI3Ae7PAPStEyWBTtwu62FgytWDmpUnGa7lctUgjEbpLb4ON8I1NDFKKKUDQ5wih2Hriu4bADVrlCotkGuAwq3Q9_OZq_5Z8g708twdCADH2HOVLAH8=&original_referer&sessionRedirect=httpswww.linkedin.comcompanynovaticeoriginalSubdomainfr"]},{"@type":"Person","@id":"https:\/\/www.novatice.com\/#\/schema\/person\/9ccc0cd3f16cba42dac6d88771daf473","name":"admin2008","image":{"@type":"ImageObject","inLanguage":"fr-FR","@id":"https:\/\/secure.gravatar.com\/avatar\/d5d706e5985c75587530c524426f22b5270b9bf5fb40eea7e704ee6395494c57?s=96&d=mm&r=g","url":"https:\/\/secure.gravatar.com\/avatar\/d5d706e5985c75587530c524426f22b5270b9bf5fb40eea7e704ee6395494c57?s=96&d=mm&r=g","contentUrl":"https:\/\/secure.gravatar.com\/avatar\/d5d706e5985c75587530c524426f22b5270b9bf5fb40eea7e704ee6395494c57?s=96&d=mm&r=g","caption":"admin2008"},"sameAs":["http:\/\/preprod.novatice.com"],"url":"https:\/\/www.novatice.com\/index.php\/author\/admin2008\/"}]}},"uagb_featured_image_src":{"full":["https:\/\/www.novatice.com\/wp-content\/uploads\/2026\/02\/Smart-Slider-Novatice-10.webp",2250,1354,false],"thumbnail":["https:\/\/www.novatice.com\/wp-content\/uploads\/2026\/02\/Smart-Slider-Novatice-10-150x150.webp",150,150,true],"medium":["https:\/\/www.novatice.com\/wp-content\/uploads\/2026\/02\/Smart-Slider-Novatice-10-300x181.webp",300,181,true],"medium_large":["https:\/\/www.novatice.com\/wp-content\/uploads\/2026\/02\/Smart-Slider-Novatice-10-768x462.webp",768,462,true],"large":["https:\/\/www.novatice.com\/wp-content\/uploads\/2026\/02\/Smart-Slider-Novatice-10-1024x616.webp",1024,616,true],"1536x1536":["https:\/\/www.novatice.com\/wp-content\/uploads\/2026\/02\/Smart-Slider-Novatice-10-1536x924.webp",1536,924,true],"2048x2048":["https:\/\/www.novatice.com\/wp-content\/uploads\/2026\/02\/Smart-Slider-Novatice-10-2048x1232.webp",2048,1232,true]},"uagb_author_info":{"display_name":"admin2008","author_link":"https:\/\/www.novatice.com\/index.php\/author\/admin2008\/"},"uagb_comment_info":0,"uagb_excerpt":"Les collectivit\u00e9s territoriales font face \u00e0 une mont\u00e9e constante des cybermenaces. Les attaques ciblent d\u00e9sormais non seulement les grandes administrations, [&hellip;]","_links":{"self":[{"href":"https:\/\/www.novatice.com\/index.php\/wp-json\/wp\/v2\/posts\/3745","targetHints":{"allow":["GET"]}}],"collection":[{"href":"https:\/\/www.novatice.com\/index.php\/wp-json\/wp\/v2\/posts"}],"about":[{"href":"https:\/\/www.novatice.com\/index.php\/wp-json\/wp\/v2\/types\/post"}],"author":[{"embeddable":true,"href":"https:\/\/www.novatice.com\/index.php\/wp-json\/wp\/v2\/users\/1"}],"replies":[{"embeddable":true,"href":"https:\/\/www.novatice.com\/index.php\/wp-json\/wp\/v2\/comments?post=3745"}],"version-history":[{"count":5,"href":"https:\/\/www.novatice.com\/index.php\/wp-json\/wp\/v2\/posts\/3745\/revisions"}],"predecessor-version":[{"id":3837,"href":"https:\/\/www.novatice.com\/index.php\/wp-json\/wp\/v2\/posts\/3745\/revisions\/3837"}],"wp:featuredmedia":[{"embeddable":true,"href":"https:\/\/www.novatice.com\/index.php\/wp-json\/wp\/v2\/media\/3747"}],"wp:attachment":[{"href":"https:\/\/www.novatice.com\/index.php\/wp-json\/wp\/v2\/media?parent=3745"}],"wp:term":[{"taxonomy":"category","embeddable":true,"href":"https:\/\/www.novatice.com\/index.php\/wp-json\/wp\/v2\/categories?post=3745"},{"taxonomy":"post_tag","embeddable":true,"href":"https:\/\/www.novatice.com\/index.php\/wp-json\/wp\/v2\/tags?post=3745"}],"curies":[{"name":"wp","href":"https:\/\/api.w.org\/{rel}","templated":true}]}}